{"id":8606,"date":"2025-01-25T13:03:00","date_gmt":"2025-01-25T13:03:00","guid":{"rendered":"https:\/\/parkhyattviennatreasuries.com\/2024\/12\/27\/best-of-museum\/"},"modified":"2025-01-29T11:12:45","modified_gmt":"2025-01-29T11:12:45","slug":"best-of-museum","status":"publish","type":"post","link":"https:\/\/parkhyattviennatreasuries.com\/de\/2025\/01\/25\/best-of-museum\/","title":{"rendered":"Best of Museum"},"content":{"rendered":"\t\t<div data-elementor-type=\"wp-post\" data-elementor-id=\"8606\" class=\"elementor elementor-8606 elementor-8574\">\n\t\t\t\t<div class=\"elementor-element elementor-element-14504ad e-flex e-con-boxed e-con e-parent\" data-id=\"14504ad\" data-element_type=\"container\">\n\t\t\t\t\t<div class=\"e-con-inner\">\n\t\t\t\t<div class=\"elementor-element elementor-element-cbbc2a1 elementor-widget elementor-widget-heading\" data-id=\"cbbc2a1\" data-element_type=\"widget\" data-widget_type=\"heading.default\">\n\t\t\t\t<div class=\"elementor-widget-container\">\n\t\t\t\t\t<h1 class=\"elementor-heading-title elementor-size-default\">Best of Museum<\/h1>\t\t\t\t<\/div>\n\t\t\t\t<\/div>\n\t\t\t\t<div class=\"elementor-element elementor-element-00712b6 elementor-widget elementor-widget-heading\" data-id=\"00712b6\" data-element_type=\"widget\" data-widget_type=\"heading.default\">\n\t\t\t\t<div class=\"elementor-widget-container\">\n\t\t\t\t\t<h5 class=\"elementor-heading-title elementor-size-default\">ERHELLEND: In der Ausstellung\nLIGHT SOUND SENSES in der\nHeidi Horten Collection l\u00e4sst sich\nKunst mit allen Sinnen wahrnehmen.<\/h5>\t\t\t\t<\/div>\n\t\t\t\t<\/div>\n\t\t\t\t<div class=\"elementor-element elementor-element-08cfa7f elementor-widget elementor-widget-image\" data-id=\"08cfa7f\" data-element_type=\"widget\" data-widget_type=\"image.default\">\n\t\t\t\t<div class=\"elementor-widget-container\">\n\t\t\t\t\t\t\t\t\t\t\t\t\t\t\t<img fetchpriority=\"high\" decoding=\"async\" width=\"682\" height=\"1024\" src=\"https:\/\/parkhyattviennatreasuries.com\/wp-content\/uploads\/2024\/12\/Hoeller_HalfClock_TBA21_Vienna_2014_AM_01-min-682x1024.jpg\" class=\"attachment-large size-large wp-image-8583\" alt=\"\" srcset=\"https:\/\/parkhyattviennatreasuries.com\/wp-content\/uploads\/2024\/12\/Hoeller_HalfClock_TBA21_Vienna_2014_AM_01-min-682x1024.jpg 682w, https:\/\/parkhyattviennatreasuries.com\/wp-content\/uploads\/2024\/12\/Hoeller_HalfClock_TBA21_Vienna_2014_AM_01-min-200x300.jpg 200w, https:\/\/parkhyattviennatreasuries.com\/wp-content\/uploads\/2024\/12\/Hoeller_HalfClock_TBA21_Vienna_2014_AM_01-min-768x1152.jpg 768w, https:\/\/parkhyattviennatreasuries.com\/wp-content\/uploads\/2024\/12\/Hoeller_HalfClock_TBA21_Vienna_2014_AM_01-min-1024x1536.jpg 1024w, https:\/\/parkhyattviennatreasuries.com\/wp-content\/uploads\/2024\/12\/Hoeller_HalfClock_TBA21_Vienna_2014_AM_01-min-1365x2048.jpg 1365w, https:\/\/parkhyattviennatreasuries.com\/wp-content\/uploads\/2024\/12\/Hoeller_HalfClock_TBA21_Vienna_2014_AM_01-min-458x687.jpg 458w, https:\/\/parkhyattviennatreasuries.com\/wp-content\/uploads\/2024\/12\/Hoeller_HalfClock_TBA21_Vienna_2014_AM_01-min-scaled.jpg 1706w\" sizes=\"(max-width: 682px) 100vw, 682px\" \/>\t\t\t\t\t\t\t\t\t\t\t\t\t\t\t<\/div>\n\t\t\t\t<\/div>\n\t\t\t\t\t<\/div>\n\t\t\t\t<\/div>\n\t\t<div class=\"elementor-element elementor-element-7a94667 e-flex e-con-boxed e-con e-parent\" data-id=\"7a94667\" data-element_type=\"container\">\n\t\t\t\t\t<div class=\"e-con-inner\">\n\t\t<div class=\"elementor-element elementor-element-8861f07 e-con-full e-flex e-con e-child\" data-id=\"8861f07\" data-element_type=\"container\">\n\t\t\t\t<div class=\"elementor-element elementor-element-37467e7 elementor-widget elementor-widget-image\" data-id=\"37467e7\" data-element_type=\"widget\" data-widget_type=\"image.default\">\n\t\t\t\t<div class=\"elementor-widget-container\">\n\t\t\t\t\t\t\t\t\t\t\t\t\t\t\t<img decoding=\"async\" width=\"774\" height=\"1024\" src=\"https:\/\/parkhyattviennatreasuries.com\/wp-content\/uploads\/2024\/12\/GG_1589-774x1024.jpg\" class=\"attachment-large size-large wp-image-8579\" alt=\"\" srcset=\"https:\/\/parkhyattviennatreasuries.com\/wp-content\/uploads\/2024\/12\/GG_1589-774x1024.jpg 774w, https:\/\/parkhyattviennatreasuries.com\/wp-content\/uploads\/2024\/12\/GG_1589-227x300.jpg 227w, https:\/\/parkhyattviennatreasuries.com\/wp-content\/uploads\/2024\/12\/GG_1589-768x1016.jpg 768w, https:\/\/parkhyattviennatreasuries.com\/wp-content\/uploads\/2024\/12\/GG_1589-1161x1536.jpg 1161w, https:\/\/parkhyattviennatreasuries.com\/wp-content\/uploads\/2024\/12\/GG_1589-1548x2048.jpg 1548w, https:\/\/parkhyattviennatreasuries.com\/wp-content\/uploads\/2024\/12\/GG_1589-458x606.jpg 458w, https:\/\/parkhyattviennatreasuries.com\/wp-content\/uploads\/2024\/12\/GG_1589.jpg 1603w\" sizes=\"(max-width: 774px) 100vw, 774px\" \/>\t\t\t\t\t\t\t\t\t\t\t\t\t\t\t<\/div>\n\t\t\t\t<\/div>\n\t\t\t\t<div class=\"elementor-element elementor-element-2d0cdb0 elementor-widget elementor-widget-text-editor\" data-id=\"2d0cdb0\" data-element_type=\"widget\" data-widget_type=\"text-editor.default\">\n\t\t\t\t<div class=\"elementor-widget-container\">\n\t\t\t\t\t\t\t\t\t<p>Giuseppe Arcimboldos Sommer entstand im Jahr 1563 und geh\u00f6rt zu einer Serie<br \/>von Jahreszeitbildern, die den italienischen Maler weltber\u00fchmt gemacht hat<\/p>\t\t\t\t\t\t\t\t<\/div>\n\t\t\t\t<\/div>\n\t\t\t\t<\/div>\n\t\t<div class=\"elementor-element elementor-element-c8aee27 e-con-full e-flex e-con e-child\" data-id=\"c8aee27\" data-element_type=\"container\">\n\t\t\t\t<div class=\"elementor-element elementor-element-2692331 elementor-widget elementor-widget-heading\" data-id=\"2692331\" data-element_type=\"widget\" data-widget_type=\"heading.default\">\n\t\t\t\t<div class=\"elementor-widget-container\">\n\t\t\t\t\t<h2 class=\"elementor-heading-title elementor-size-default\">KUNSTHISTORISCHES MUSEUM<\/h2>\t\t\t\t<\/div>\n\t\t\t\t<\/div>\n\t\t\t\t<div class=\"elementor-element elementor-element-f3fb85d elementor-widget elementor-widget-heading\" data-id=\"f3fb85d\" data-element_type=\"widget\" data-widget_type=\"heading.default\">\n\t\t\t\t<div class=\"elementor-widget-container\">\n\t\t\t\t\t<h2 class=\"elementor-heading-title elementor-size-default\">Von alten Meistern und einer\nsensationellen Neuentdeckung: 2025 kann\ndas Kunsthistorische Museum Wien mit zwei\nau\u00dfergew\u00f6hnlichen Sonderausstellungen aufwarten. \n<\/h2>\t\t\t\t<\/div>\n\t\t\t\t<\/div>\n\t\t\t\t<div class=\"elementor-element elementor-element-aaf6acb elementor-widget elementor-widget-image\" data-id=\"aaf6acb\" data-element_type=\"widget\" data-widget_type=\"image.default\">\n\t\t\t\t<div class=\"elementor-widget-container\">\n\t\t\t\t\t\t\t\t\t\t\t\t\t\t\t<img decoding=\"async\" width=\"840\" height=\"641\" src=\"https:\/\/parkhyattviennatreasuries.com\/wp-content\/uploads\/2024\/12\/GG_3548_201401_nR_CD_presse-1024x781.jpg\" class=\"attachment-large size-large wp-image-8581\" alt=\"\" srcset=\"https:\/\/parkhyattviennatreasuries.com\/wp-content\/uploads\/2024\/12\/GG_3548_201401_nR_CD_presse-1024x781.jpg 1024w, https:\/\/parkhyattviennatreasuries.com\/wp-content\/uploads\/2024\/12\/GG_3548_201401_nR_CD_presse-300x229.jpg 300w, https:\/\/parkhyattviennatreasuries.com\/wp-content\/uploads\/2024\/12\/GG_3548_201401_nR_CD_presse-768x586.jpg 768w, https:\/\/parkhyattviennatreasuries.com\/wp-content\/uploads\/2024\/12\/GG_3548_201401_nR_CD_presse-1536x1172.jpg 1536w, https:\/\/parkhyattviennatreasuries.com\/wp-content\/uploads\/2024\/12\/GG_3548_201401_nR_CD_presse-2048x1562.jpg 2048w, https:\/\/parkhyattviennatreasuries.com\/wp-content\/uploads\/2024\/12\/GG_3548_201401_nR_CD_presse-458x349.jpg 458w, https:\/\/parkhyattviennatreasuries.com\/wp-content\/uploads\/2024\/12\/GG_3548_201401_nR_CD_presse-224x170.jpg 224w\" sizes=\"(max-width: 840px) 100vw, 840px\" \/>\t\t\t\t\t\t\t\t\t\t\t\t\t\t\t<\/div>\n\t\t\t\t<\/div>\n\t\t\t\t<div class=\"elementor-element elementor-element-9634b04 elementor-widget elementor-widget-text-editor\" data-id=\"9634b04\" data-element_type=\"widget\" data-widget_type=\"text-editor.default\">\n\t\t\t\t<div class=\"elementor-widget-container\">\n\t\t\t\t\t\t\t\t\t<p>Bacchanal von Michaelina Wautier datiert aus dem Jahr 1659 und zeigt<br \/>neben dem betrunkenen Gott des Weines das Selbstbildnis der K\u00fcnstlerin<br \/>mit entbl\u00f6\u00dfter Brust sowie einem Stab in der Hand<\/p>\t\t\t\t\t\t\t\t<\/div>\n\t\t\t\t<\/div>\n\t\t\t\t<\/div>\n\t\t\t\t\t<\/div>\n\t\t\t\t<\/div>\n\t\t<div class=\"elementor-element elementor-element-c393743 e-flex e-con-boxed e-con e-parent\" data-id=\"c393743\" data-element_type=\"container\">\n\t\t\t\t\t<div class=\"e-con-inner\">\n\t\t\t\t<div class=\"elementor-element elementor-element-5fadb64 elementor-widget elementor-widget-text-editor\" data-id=\"5fadb64\" data-element_type=\"widget\" data-widget_type=\"text-editor.default\">\n\t\t\t\t<div class=\"elementor-widget-container\">\n\t\t\t\t\t\t\t\t\t<p>Wien, am 17. Oktober 1891: In Anwesenheit von Kaiser Franz Joseph er\u00f6ffnet in \u00d6sterreichs Kapitale das Kunsthistorische Museum. Heute gilt das Haus am Burgring als eine der gr\u00f6\u00dften Gem\u00e4ldegalerien der Welt \u2013 und als eine der Hauptattraktionen der Stadt, die kunst- und kulturinteressierte G\u00e4st:innen ebenso anzieht wie die Einheimischen. Zu den Programm-Highlights f\u00fcr das Jahr 2025 geh\u00f6rt die Ausstellung \u201eArcimboldo \u2013 Bassano \u2013 Bruegel. Die Zeiten der Natur\u201c, die vom 11. M\u00e4rz bis zum 29. Juni zu sehen ist. Gezeigt werden rund 100 Exponate, die sich mit dem Verh\u00e4ltnis von Mensch und Natur in der Renaissance befassen. Eine zentrale Stellung nehmen dabei Leandro Bassanos ikonische Monatsbilder ein. Dazu gesellen sich die Werke von alten Meistern wie Giuseppe Arcimboldo oder Pieter Bruegel sowie bedeutende Skulpturen, Tapisserien, Uhren, Globen, Kalender und Stundenb\u00fccher. Vom 30. September 2025 bis zum 25. Januar 2026 widmet sich das KHM dann dem \u0152uvre der Barockmalerin Michaelina Wautier, die zu den gr\u00f6\u00dften kunsthistorischen Entdeckungen der letzten Jahrzehnte geh\u00f6rt. In einer Zeit, in der sich K\u00fcnstlerinnen vorwiegend mit Stillleben oder Genre-Malerei besch\u00e4ftigten, re\u00fcssierte die Niederl\u00e4nderin mit ebenso anspruchsvollen wie selbstbewussten Historienbildern, die sich durch ihre Originalit\u00e4t sowie durch ihren feinsinnigen Humor und bemerkenswerten Mut auszeichnen. In der Ausstellung werden die herausragende Kunstfertigkeit und Qualit\u00e4t von Wautiers Schaffen auf Augenh\u00f6he mit Zeitgenossen wie Rubens oder van Dyck erlebbar \u2013 eine ebenso faszinierende wie sinnliche Erfahrung!<\/p>\t\t\t\t\t\t\t\t<\/div>\n\t\t\t\t<\/div>\n\t\t\t\t\t<\/div>\n\t\t\t\t<\/div>\n\t\t<div class=\"elementor-element elementor-element-4772c9f e-flex e-con-boxed e-con e-parent\" data-id=\"4772c9f\" data-element_type=\"container\">\n\t\t\t\t\t<div class=\"e-con-inner\">\n\t\t\t\t<div class=\"elementor-element elementor-element-61bf5a9 elementor-widget elementor-widget-text-editor\" data-id=\"61bf5a9\" data-element_type=\"widget\" data-widget_type=\"text-editor.default\">\n\t\t\t\t<div class=\"elementor-widget-container\">\n\t\t\t\t\t\t\t\t\t<div class=\"page\" title=\"Seite 28\">\n<div class=\"section\">\n<div class=\"layoutArea\">\n<div class=\"column\">\n<p>Kunsthistorisches Museum Wien<\/p>\n<\/div>\n<\/div>\n<\/div>\n<\/div>\n\t\t\t\t\t\t\t\t<\/div>\n\t\t\t\t<\/div>\n\t\t\t\t<div class=\"elementor-element elementor-element-6642a01 elementor-widget elementor-widget-text-editor\" data-id=\"6642a01\" data-element_type=\"widget\" data-widget_type=\"text-editor.default\">\n\t\t\t\t<div class=\"elementor-widget-container\">\n\t\t\t\t\t\t\t\t\t<p>Maria-Theresien-Platz, 1010 Vienna<br \/>tel.: +43 (0)1 525 24-0, khm.at,<br \/>Tue \u2013Sun 10.00 a.m.\u20136.00 p.m., Thu 10.00 a.m. \u2013 9.00 p.m., June\/July\/August open daily<\/p>\n\t\t\t\t\t\t\t\t<\/div>\n\t\t\t\t<\/div>\n\t\t\t\t<div class=\"elementor-element elementor-element-81a2bf4 elementor-widget elementor-widget-heading\" data-id=\"81a2bf4\" data-element_type=\"widget\" data-widget_type=\"heading.default\">\n\t\t\t\t<div class=\"elementor-widget-container\">\n\t\t\t\t\t<h2 class=\"elementor-heading-title elementor-size-default\">HEIDI HORTEN COLLECTION<\/h2>\t\t\t\t<\/div>\n\t\t\t\t<\/div>\n\t\t\t\t\t<\/div>\n\t\t\t\t<\/div>\n\t\t<div class=\"elementor-element elementor-element-e1a4e79 e-flex e-con-boxed e-con e-parent\" data-id=\"e1a4e79\" data-element_type=\"container\">\n\t\t\t\t\t<div class=\"e-con-inner\">\n\t\t\t\t<div class=\"elementor-element elementor-element-ed6a11e elementor-widget elementor-widget-heading\" data-id=\"ed6a11e\" data-element_type=\"widget\" data-widget_type=\"heading.default\">\n\t\t\t\t<div class=\"elementor-widget-container\">\n\t\t\t\t\t<h2 class=\"elementor-heading-title elementor-size-default\">Mit einer au\u00dfergew\u00f6hnlich kuratierten\nDauerausstellung sowie Kunst, die sich nicht\nnur sehen, sondern auch riechen und h\u00f6ren lassen\nkann, sorgt die erst im Sommer 2022 er\u00f6ffnete\nHeidi Horten Collection f\u00fcr Furore. <\/h2>\t\t\t\t<\/div>\n\t\t\t\t<\/div>\n\t\t\t\t\t<\/div>\n\t\t\t\t<\/div>\n\t\t<div class=\"elementor-element elementor-element-862f133 e-flex e-con-boxed e-con e-parent\" data-id=\"862f133\" data-element_type=\"container\">\n\t\t\t\t\t<div class=\"e-con-inner\">\n\t\t<div class=\"elementor-element elementor-element-0539ca2 e-con-full e-flex e-con e-child\" data-id=\"0539ca2\" data-element_type=\"container\">\n\t\t\t\t<div class=\"elementor-element elementor-element-6391782 elementor-widget elementor-widget-image\" data-id=\"6391782\" data-element_type=\"widget\" data-widget_type=\"image.default\">\n\t\t\t\t<div class=\"elementor-widget-container\">\n\t\t\t\t\t\t\t\t\t\t\t\t\t\t\t<img loading=\"lazy\" decoding=\"async\" width=\"840\" height=\"542\" src=\"https:\/\/parkhyattviennatreasuries.com\/wp-content\/uploads\/2024\/12\/Eliasson_YUS_col_MartinGropiusBau_Berlin_2010_JZ_11-min-1024x661.jpg\" class=\"attachment-large size-large wp-image-8577\" alt=\"\" srcset=\"https:\/\/parkhyattviennatreasuries.com\/wp-content\/uploads\/2024\/12\/Eliasson_YUS_col_MartinGropiusBau_Berlin_2010_JZ_11-min-1024x661.jpg 1024w, https:\/\/parkhyattviennatreasuries.com\/wp-content\/uploads\/2024\/12\/Eliasson_YUS_col_MartinGropiusBau_Berlin_2010_JZ_11-min-300x194.jpg 300w, https:\/\/parkhyattviennatreasuries.com\/wp-content\/uploads\/2024\/12\/Eliasson_YUS_col_MartinGropiusBau_Berlin_2010_JZ_11-min-768x496.jpg 768w, https:\/\/parkhyattviennatreasuries.com\/wp-content\/uploads\/2024\/12\/Eliasson_YUS_col_MartinGropiusBau_Berlin_2010_JZ_11-min-1536x991.jpg 1536w, https:\/\/parkhyattviennatreasuries.com\/wp-content\/uploads\/2024\/12\/Eliasson_YUS_col_MartinGropiusBau_Berlin_2010_JZ_11-min-2048x1322.jpg 2048w, https:\/\/parkhyattviennatreasuries.com\/wp-content\/uploads\/2024\/12\/Eliasson_YUS_col_MartinGropiusBau_Berlin_2010_JZ_11-min-458x296.jpg 458w\" sizes=\"(max-width: 840px) 100vw, 840px\" \/>\t\t\t\t\t\t\t\t\t\t\t\t\t\t\t<\/div>\n\t\t\t\t<\/div>\n\t\t\t\t<div class=\"elementor-element elementor-element-078a3a7 elementor-widget elementor-widget-text-editor\" data-id=\"078a3a7\" data-element_type=\"widget\" data-widget_type=\"text-editor.default\">\n\t\t\t\t<div class=\"elementor-widget-container\">\n\t\t\t\t\t\t\t\t\t<p>Olafur Eliasson l\u00e4dt dazu<br \/>ein, Kunst durch Licht und<br \/>Bewegung mitzugestalten.<\/p><p>\u00a0<\/p><p>Runde Sache: Ein Lichtobjekt des<br \/>Schweizer K\u00fcnstlers<br \/>John M. Armleder<\/p>\t\t\t\t\t\t\t\t<\/div>\n\t\t\t\t<\/div>\n\t\t\t\t<div class=\"elementor-element elementor-element-5ed24a5 elementor-widget elementor-widget-image\" data-id=\"5ed24a5\" data-element_type=\"widget\" data-widget_type=\"image.default\">\n\t\t\t\t<div class=\"elementor-widget-container\">\n\t\t\t\t\t\t\t\t\t\t\t\t\t\t\t<img loading=\"lazy\" decoding=\"async\" width=\"779\" height=\"1024\" src=\"https:\/\/parkhyattviennatreasuries.com\/wp-content\/uploads\/2024\/12\/Horten-Armleder-ohne-Titel-Target-bunt-779x1024.jpg\" class=\"attachment-large size-large wp-image-8585\" alt=\"\" srcset=\"https:\/\/parkhyattviennatreasuries.com\/wp-content\/uploads\/2024\/12\/Horten-Armleder-ohne-Titel-Target-bunt-779x1024.jpg 779w, https:\/\/parkhyattviennatreasuries.com\/wp-content\/uploads\/2024\/12\/Horten-Armleder-ohne-Titel-Target-bunt-228x300.jpg 228w, https:\/\/parkhyattviennatreasuries.com\/wp-content\/uploads\/2024\/12\/Horten-Armleder-ohne-Titel-Target-bunt-768x1010.jpg 768w, https:\/\/parkhyattviennatreasuries.com\/wp-content\/uploads\/2024\/12\/Horten-Armleder-ohne-Titel-Target-bunt-1168x1536.jpg 1168w, https:\/\/parkhyattviennatreasuries.com\/wp-content\/uploads\/2024\/12\/Horten-Armleder-ohne-Titel-Target-bunt-1557x2048.jpg 1557w, https:\/\/parkhyattviennatreasuries.com\/wp-content\/uploads\/2024\/12\/Horten-Armleder-ohne-Titel-Target-bunt-458x602.jpg 458w, https:\/\/parkhyattviennatreasuries.com\/wp-content\/uploads\/2024\/12\/Horten-Armleder-ohne-Titel-Target-bunt-scaled.jpg 1946w\" sizes=\"(max-width: 779px) 100vw, 779px\" \/>\t\t\t\t\t\t\t\t\t\t\t\t\t\t\t<\/div>\n\t\t\t\t<\/div>\n\t\t\t\t<\/div>\n\t\t<div class=\"elementor-element elementor-element-528593a e-con-full e-flex e-con e-child\" data-id=\"528593a\" data-element_type=\"container\">\n\t\t\t\t<div class=\"elementor-element elementor-element-6d17348 elementor-widget elementor-widget-text-editor\" data-id=\"6d17348\" data-element_type=\"widget\" data-widget_type=\"text-editor.default\">\n\t\t\t\t<div class=\"elementor-widget-container\">\n\t\t\t\t\t\t\t\t\t<p>Was haben die \u201eGeschwister\u201c von Paul Klee mit Gustav Klimts \u201eKirche in Unterach am Attersee\u201c oder \u201eAnna Wieds Garten\u201c von Emil Nolde gemeinsam? Auf den ersten Blick wohl nur die Tatsache, dass es sich bei allen drei um bedeutende Kunst handelt! Dar\u00fcber hinaus wurden die Gem\u00e4lde im Rahmen des Projekts #ARTfluence von den Besucher:innen der Heidi Horten Collection aber auch in die Top 10 ihrer Lieblingswerke gew\u00e4hlt \u2013 und somit in die seit September laufende Dauerausstellung \u201eKlimt Warhol\u201c aufgenommen. \u201eDurch die aktive Beteiligung unserer Besucher:innen im Rahmen von #ARTfluence ist diese Schau wirklich etwas ganz Besonderes. Sie zeigt nicht nur, wie vielf\u00e4ltig Kunst ist, sondern spiegelt auch die gemeinsamen Interessen und Vorlieben unseres Publikums wider\u201c, so Heidi-Horten-Collection-Direktorin Agnes Husslein-Arco. Unter dem Titel \u201eKlimt Warhol\u201c treffen im ehemaligen erzherzoglichen Kanzleigeb\u00e4ude bei der Oper unterschiedliche k\u00fcnstlerische Richtungen und Positionen des 20. und 21. Jh. aufeinander \u2013 vom Wien um 1900 \u00fcber den Expressionismus oder Surrealismus bis hin zur Nachkriegsabstraktion oder der amerikanischen Pop-Art. Die Besucher:innen k\u00f6nnen sich auf einen eklektischen Mix an Meisterwerken freuen \u2013 von Klimt bis Warhol. Noch bis zum 23. M\u00e4rz 2025 ist au\u00dferdem die Ausstellung \u201eLight Sound Senses\u201c in der Heidi Horten Collection zu sehen. Sie besch\u00e4ftigt sich mit den Sinnen im Kontext der Kunst und pr\u00e4sentiert 32 Werke, die Licht, Klang und Geruch in den Fokus stellen. Zu den ikonischen Exponaten geh\u00f6ren u.\u00a0 a. Berhard Leitners Klangskulptur \u201eSerpentinata\u201c, Ernesto Netos nach Nelkenpulver riechende \u201eA Candle to Earth\u201c oder Olafur Eliassons \u201eYour Uncertain Shadow\u201c, eine Installation aus farbigen Halogenlampen, die dazu einl\u00e4dt, Kunst durch Bewegung und den eigenen Schatten mitzugestalten.<\/p>\t\t\t\t\t\t\t\t<\/div>\n\t\t\t\t<\/div>\n\t\t\t\t<div class=\"elementor-element elementor-element-0b6030d elementor-widget elementor-widget-image\" data-id=\"0b6030d\" data-element_type=\"widget\" data-widget_type=\"image.default\">\n\t\t\t\t<div class=\"elementor-widget-container\">\n\t\t\t\t\t\t\t\t\t\t\t\t\t\t\t<img loading=\"lazy\" decoding=\"async\" width=\"840\" height=\"560\" src=\"https:\/\/parkhyattviennatreasuries.com\/wp-content\/uploads\/2024\/12\/010_20240904_Horten-Collection_Klimt-Warhol_BV1A6715-Enhanced-NR-Edit_FINALS_HR-1024x683.jpg\" class=\"attachment-large size-large wp-image-8575\" alt=\"\" srcset=\"https:\/\/parkhyattviennatreasuries.com\/wp-content\/uploads\/2024\/12\/010_20240904_Horten-Collection_Klimt-Warhol_BV1A6715-Enhanced-NR-Edit_FINALS_HR-1024x683.jpg 1024w, https:\/\/parkhyattviennatreasuries.com\/wp-content\/uploads\/2024\/12\/010_20240904_Horten-Collection_Klimt-Warhol_BV1A6715-Enhanced-NR-Edit_FINALS_HR-300x200.jpg 300w, https:\/\/parkhyattviennatreasuries.com\/wp-content\/uploads\/2024\/12\/010_20240904_Horten-Collection_Klimt-Warhol_BV1A6715-Enhanced-NR-Edit_FINALS_HR-768x512.jpg 768w, https:\/\/parkhyattviennatreasuries.com\/wp-content\/uploads\/2024\/12\/010_20240904_Horten-Collection_Klimt-Warhol_BV1A6715-Enhanced-NR-Edit_FINALS_HR-1536x1024.jpg 1536w, https:\/\/parkhyattviennatreasuries.com\/wp-content\/uploads\/2024\/12\/010_20240904_Horten-Collection_Klimt-Warhol_BV1A6715-Enhanced-NR-Edit_FINALS_HR-2048x1365.jpg 2048w, https:\/\/parkhyattviennatreasuries.com\/wp-content\/uploads\/2024\/12\/010_20240904_Horten-Collection_Klimt-Warhol_BV1A6715-Enhanced-NR-Edit_FINALS_HR-458x305.jpg 458w\" sizes=\"(max-width: 840px) 100vw, 840px\" \/>\t\t\t\t\t\t\t\t\t\t\t\t\t\t\t<\/div>\n\t\t\t\t<\/div>\n\t\t\t\t<div class=\"elementor-element elementor-element-f728b04 elementor-widget elementor-widget-text-editor\" data-id=\"f728b04\" data-element_type=\"widget\" data-widget_type=\"text-editor.default\">\n\t\t\t\t<div class=\"elementor-widget-container\">\n\t\t\t\t\t\t\t\t\t<p>Forever ein Publikumsmagnet: Die \u201eKirche in Unterach am<br \/>Attersee\u201c von Gustav Klimt (auf dem Foto ganz links)<\/p>\t\t\t\t\t\t\t\t<\/div>\n\t\t\t\t<\/div>\n\t\t\t\t<\/div>\n\t\t\t\t\t<\/div>\n\t\t\t\t<\/div>\n\t\t<div class=\"elementor-element elementor-element-dd79f4c e-grid e-con-boxed e-con e-parent\" data-id=\"dd79f4c\" data-element_type=\"container\">\n\t\t\t\t\t<div class=\"e-con-inner\">\n\t\t\t\t<div class=\"elementor-element elementor-element-d11ea20 elementor-widget elementor-widget-text-editor\" data-id=\"d11ea20\" data-element_type=\"widget\" data-widget_type=\"text-editor.default\">\n\t\t\t\t<div class=\"elementor-widget-container\">\n\t\t\t\t\t\t\t\t\t<div class=\"page\" title=\"Seite 28\">\n<div class=\"section\">\n<div class=\"layoutArea\">\n<div class=\"column\">\n<p>Heidi Horten Kollektion<\/p>\n<\/div>\n<\/div>\n<\/div>\n<\/div>\n\t\t\t\t\t\t\t\t<\/div>\n\t\t\t\t<\/div>\n\t\t\t\t<div class=\"elementor-element elementor-element-4de2f6b elementor-widget elementor-widget-text-editor\" data-id=\"4de2f6b\" data-element_type=\"widget\" data-widget_type=\"text-editor.default\">\n\t\t\t\t<div class=\"elementor-widget-container\">\n\t\t\t\t\t\t\t\t\t<p>Hanuschgasse 3, 1010 Wien<\/p>\n<p>tel.: +43 (0)1 512 50 20, hortencollection.com<\/p>\n<p>Open daily except Tuesday from 11.00 a.m. \u2013 7.00 p.m., Thursday from 11.00 a.m. \u20139.00 p.m<\/p>\n\t\t\t\t\t\t\t\t<\/div>\n\t\t\t\t<\/div>\n\t\t\t\t\t<\/div>\n\t\t\t\t<\/div>\n\t\t\t\t<\/div>\n\t\t","protected":false},"excerpt":{"rendered":"<div class=\"tmnf_excerpt clearfix\"><p>Best of Museum ERHELLEND: In der Ausstellung LIGHT SOUND SENSES in der Heidi Horten Collection l\u00e4sst sich Kunst mit allen Sinnen wahrnehmen. Giuseppe Arcimboldos Sommer entstand im Jahr 1563 und geh\u00f6rt zu einer Serievon Jahreszeitbildern, die den italienischen Maler weltber\u00fchmt gemacht hat KUNSTHISTORISCHES MUSEUM Von alten Meistern und einer sensationellen Neuentdeckung: 2025 kann das Kunsthistorische &hellip;<\/p>\n<\/div>","protected":false},"author":3,"featured_media":8584,"comment_status":"open","ping_status":"open","sticky":false,"template":"","format":"standard","meta":{"footnotes":""},"categories":[129],"tags":[],"class_list":["post-8606","post","type-post","status-publish","format-standard","has-post-thumbnail","hentry","category-culture-treasures"],"_links":{"self":[{"href":"https:\/\/parkhyattviennatreasuries.com\/de\/wp-json\/wp\/v2\/posts\/8606","targetHints":{"allow":["GET"]}}],"collection":[{"href":"https:\/\/parkhyattviennatreasuries.com\/de\/wp-json\/wp\/v2\/posts"}],"about":[{"href":"https:\/\/parkhyattviennatreasuries.com\/de\/wp-json\/wp\/v2\/types\/post"}],"author":[{"embeddable":true,"href":"https:\/\/parkhyattviennatreasuries.com\/de\/wp-json\/wp\/v2\/users\/3"}],"replies":[{"embeddable":true,"href":"https:\/\/parkhyattviennatreasuries.com\/de\/wp-json\/wp\/v2\/comments?post=8606"}],"version-history":[{"count":14,"href":"https:\/\/parkhyattviennatreasuries.com\/de\/wp-json\/wp\/v2\/posts\/8606\/revisions"}],"predecessor-version":[{"id":9570,"href":"https:\/\/parkhyattviennatreasuries.com\/de\/wp-json\/wp\/v2\/posts\/8606\/revisions\/9570"}],"wp:featuredmedia":[{"embeddable":true,"href":"https:\/\/parkhyattviennatreasuries.com\/de\/wp-json\/wp\/v2\/media\/8584"}],"wp:attachment":[{"href":"https:\/\/parkhyattviennatreasuries.com\/de\/wp-json\/wp\/v2\/media?parent=8606"}],"wp:term":[{"taxonomy":"category","embeddable":true,"href":"https:\/\/parkhyattviennatreasuries.com\/de\/wp-json\/wp\/v2\/categories?post=8606"},{"taxonomy":"post_tag","embeddable":true,"href":"https:\/\/parkhyattviennatreasuries.com\/de\/wp-json\/wp\/v2\/tags?post=8606"}],"curies":[{"name":"wp","href":"https:\/\/api.w.org\/{rel}","templated":true}]}}